{"id":1125,"date":"2024-09-21T21:59:00","date_gmt":"2024-09-21T21:59:00","guid":{"rendered":"https:\/\/casadeterror.com\/?p=1125"},"modified":"2024-08-21T22:06:03","modified_gmt":"2024-08-21T22:06:03","slug":"vlad-el-empalador","status":"publish","type":"post","link":"https:\/\/casadeterror.com\/?p=1125","title":{"rendered":"Vlad el Empalador"},"content":{"rendered":"\n<p><strong>El Pr\u00edncipe de Valaquia que Inspir\u00f3 la Leyenda de Dr\u00e1cula<\/strong><\/p>\n\n\n\n<p>Vlad III, conocido hist\u00f3ricamente como Vlad el Empalador y tambi\u00e9n como Vlad Dr\u00e1cula, fue un pr\u00edncipe de Valaquia en el siglo XV que ha pasado a la historia por su brutalidad y su lucha contra el Imperio Otomano. Nacido en 1431 en Transilvania, Vlad era hijo de Vlad II Dracul, miembro de la Orden del Drag\u00f3n, una orden de caballer\u00eda cristiana dedicada a combatir la expansi\u00f3n otomana. Este origen noble le otorg\u00f3 su apellido &#8220;Dr\u00e1cula&#8221;, que significa &#8220;hijo del drag\u00f3n&#8221;.<\/p>\n\n\n\n<p>Vlad pas\u00f3 parte de su juventud como reh\u00e9n del Imperio Otomano, donde fue educado pero tambi\u00e9n sufri\u00f3 maltratos. Estos a\u00f1os marcaron su car\u00e1cter y fueron clave en su posterior gobierno. En 1448, ascendi\u00f3 al trono de Valaquia por primera vez, pero no fue hasta 1456 cuando consolid\u00f3 su poder y comenz\u00f3 su reinado m\u00e1s significativo.<\/p>\n\n\n\n<p>El apodo de &#8220;el Empalador&#8221; proviene de su m\u00e9todo favorito de castigo: el empalamiento. Se dice que utiliz\u00f3 esta forma de ejecuci\u00f3n contra decenas de miles de personas, incluyendo soldados enemigos y nobles que conspiraban contra \u00e9l. Una de sus acciones m\u00e1s notorias fue la creaci\u00f3n de un &#8220;bosque&#8221; de cuerpos empalados para aterrorizar al ej\u00e9rcito otomano durante su campa\u00f1a de 1462.<\/p>\n\n\n\n<p>Vlad es recordado tanto por su crueldad como por su defensa del cristianismo en la lucha contra los otomanos. Sin embargo, su poder no fue duradero. Tras ser traicionado por sus propios nobles, fue capturado por los h\u00fangaros en 1462 y pas\u00f3 varios a\u00f1os en prisi\u00f3n. Recuper\u00f3 el trono brevemente en 1476, pero fue asesinado ese mismo a\u00f1o en circunstancias poco claras.<\/p>\n\n\n\n<p>La figura de Vlad el Empalador ha trascendido la historia, inspirando la creaci\u00f3n del ic\u00f3nico personaje literario Dr\u00e1cula, aunque la conexi\u00f3n entre ambos es m\u00e1s simb\u00f3lica que literal. En Rumania, Vlad sigue siendo visto como un h\u00e9roe nacional, un defensor de su tierra frente a invasores, mientras que en la cultura popular mundial, su legado se mezcla con la leyenda y el mito.<\/p>\n","protected":false},"excerpt":{"rendered":"<p>El Pr\u00edncipe de Valaquia que Inspir\u00f3 la Leyenda de Dr\u00e1cula Vlad III, conocido hist\u00f3ricamente como Vlad el Empalador y tambi\u00e9n como Vlad Dr\u00e1cula, fue un pr\u00edncipe de Valaquia en el siglo XV que ha pasado a la historia por su brutalidad y su lucha contra el Imperio Otomano. Nacido en 1431 en Transilvania, Vlad era hijo de Vlad II Dracul, miembro de la Orden del Drag\u00f3n, una orden de caballer\u00eda cristiana dedicada a combatir la expansi\u00f3n otomana. Este origen noble le otorg\u00f3 su apellido &#8220;Dr\u00e1cula&#8221;, que significa &#8220;hijo del drag\u00f3n&#8221;. Vlad pas\u00f3 parte de su juventud como reh\u00e9n del Imperio Otomano, donde fue educado pero tambi\u00e9n sufri\u00f3 maltratos. Estos a\u00f1os marcaron su car\u00e1cter y fueron clave en su posterior gobierno. En 1448, ascendi\u00f3 al trono de Valaquia por primera vez, pero no fue hasta 1456 cuando consolid\u00f3 su poder y comenz\u00f3 su reinado m\u00e1s significativo. El apodo de &#8220;el Empalador&#8221; proviene de su m\u00e9todo favorito de castigo: el empalamiento. Se dice que utiliz\u00f3 esta forma de ejecuci\u00f3n contra decenas de miles de personas, incluyendo soldados enemigos y nobles que conspiraban contra \u00e9l. Una de sus acciones m\u00e1s notorias fue la creaci\u00f3n de un &#8220;bosque&#8221; de cuerpos empalados para aterrorizar al ej\u00e9rcito otomano durante su campa\u00f1a de 1462. Vlad es recordado tanto por su crueldad como por su defensa del cristianismo en la lucha contra los otomanos. Sin embargo, su poder no fue duradero. Tras ser traicionado por sus propios nobles, fue capturado por los h\u00fangaros en 1462 y pas\u00f3 varios a\u00f1os en prisi\u00f3n. Recuper\u00f3 el trono brevemente en 1476, pero fue asesinado ese mismo a\u00f1o en circunstancias poco claras. La figura de Vlad el Empalador ha trascendido la historia, inspirando la creaci\u00f3n del ic\u00f3nico personaje literario Dr\u00e1cula, aunque la conexi\u00f3n entre ambos es m\u00e1s simb\u00f3lica que literal. En Rumania, Vlad sigue siendo visto como un h\u00e9roe nacional, un defensor de su tierra frente a invasores, mientras que en la cultura popular mundial, su legado se mezcla con la leyenda y el mito.<\/p>\n","protected":false},"author":1,"featured_media":1127,"comment_status":"open","ping_status":"open","sticky":false,"template":"","format":"standard","meta":{"footnotes":""},"categories":[1,219],"tags":[57,341,339,340,338],"class_list":["post-1125","post","type-post","status-publish","format-standard","has-post-thumbnail","hentry","category-blog","category-cultura-general","tag-dracula","tag-dragon","tag-empalador","tag-hijo-del-dragon","tag-vlad"],"acf":[],"_links":{"self":[{"href":"https:\/\/casadeterror.com\/index.php?rest_route=\/wp\/v2\/posts\/1125","targetHints":{"allow":["GET"]}}],"collection":[{"href":"https:\/\/casadeterror.com\/index.php?rest_route=\/wp\/v2\/posts"}],"about":[{"href":"https:\/\/casadeterror.com\/index.php?rest_route=\/wp\/v2\/types\/post"}],"author":[{"embeddable":true,"href":"https:\/\/casadeterror.com\/index.php?rest_route=\/wp\/v2\/users\/1"}],"replies":[{"embeddable":true,"href":"https:\/\/casadeterror.com\/index.php?rest_route=%2Fwp%2Fv2%2Fcomments&post=1125"}],"version-history":[{"count":1,"href":"https:\/\/casadeterror.com\/index.php?rest_route=\/wp\/v2\/posts\/1125\/revisions"}],"predecessor-version":[{"id":1128,"href":"https:\/\/casadeterror.com\/index.php?rest_route=\/wp\/v2\/posts\/1125\/revisions\/1128"}],"wp:featuredmedia":[{"embeddable":true,"href":"https:\/\/casadeterror.com\/index.php?rest_route=\/wp\/v2\/media\/1127"}],"wp:attachment":[{"href":"https:\/\/casadeterror.com\/index.php?rest_route=%2Fwp%2Fv2%2Fmedia&parent=1125"}],"wp:term":[{"taxonomy":"category","embeddable":true,"href":"https:\/\/casadeterror.com\/index.php?rest_route=%2Fwp%2Fv2%2Fcategories&post=1125"},{"taxonomy":"post_tag","embeddable":true,"href":"https:\/\/casadeterror.com\/index.php?rest_route=%2Fwp%2Fv2%2Ftags&post=1125"}],"curies":[{"name":"wp","href":"https:\/\/api.w.org\/{rel}","templated":true}]}}