{"id":52,"date":"2022-02-28T11:43:00","date_gmt":"2022-02-28T11:43:00","guid":{"rendered":"https:\/\/casadeterror.com\/?p=52"},"modified":"2024-07-07T02:55:27","modified_gmt":"2024-07-07T02:55:27","slug":"no-solo-los-perros-lamen","status":"publish","type":"post","link":"https:\/\/casadeterror.com\/?p=52","title":{"rendered":"No solo los perros lamen"},"content":{"rendered":"\n<p>En una peque\u00f1a ciudad de Francia, se desarroll\u00f3 un acontecimiento que dej\u00f3 una huella indeleble, resonando en los titulares de todos los peri\u00f3dicos locales.<\/p>\n\n\n\n<p>En este relato, conocemos a una ni\u00f1a de 9 a\u00f1os, cuya vida estaba rodeada de lujos y comodidades. A pesar de sus riquezas, experimentaba una soledad profunda, su mundo ensombrecido por la ausencia constante de sus padres, quienes se sumerg\u00edan en el mundo pol\u00edtico y social, dej\u00e1ndola atr\u00e1s.<\/p>\n\n\n\n<p>Sin embargo, un cambio radical se manifest\u00f3 con la llegada de un cachorro de raza grande, un compa\u00f1ero de cuatro patas que pronto se convirti\u00f3 en su m\u00e1s fiel confidente. Con el paso del tiempo, forjaron un v\u00ednculo que trascend\u00eda lo com\u00fan, un v\u00ednculo de complicidad y consuelo. Cada noche, el perro se refugiaba debajo de su cama, y cuando la angustia y el miedo se apoderaban de ella, la suave lengua del perro acariciaba su mano, un c\u00f3digo secreto que disipaba sus temores.<\/p>\n\n\n\n<p>La historia da un giro oscuro en una fat\u00eddica noche. Un estruendo repentino interrumpi\u00f3 el sue\u00f1o de la ni\u00f1a, un sonido de rasgu\u00f1os que escal\u00f3 de leves a intensos. Llena de temor, extendi\u00f3 la mano, anhelando el consuelo del perro. La lengua h\u00fameda toc\u00f3 su mano, trayendo alivio y calma. Con el tiempo, el sue\u00f1o la reclam\u00f3 nuevamente.<\/p>\n\n\n\n<p>La cruda realidad emergi\u00f3 al amanecer. El perro, su fiel compa\u00f1ero, no estaba en su lugar bajo la cama. La ni\u00f1a baj\u00f3 las escaleras y el horror la envolvi\u00f3. El pasillo del recibidor se convirti\u00f3 en un escenario de pesadilla. Su perro yac\u00eda ahorcado, su est\u00f3mago desgarrado por una herida atroz. En el espejo, una inscripci\u00f3n siniestra desafiaba su cordura: &#8220;No solo los perros lamen&#8221;.<\/p>\n\n\n\n<p>El regreso de los padres trajo consigo una desgarradora escena. La ni\u00f1a, sumida en la locura, repet\u00eda una pregunta escalofriante: &#8220;\u00bfQui\u00e9n me lami\u00f3?&#8221;. La b\u00fasqueda del autor de esta horrenda atrocidad persiste en la oscuridad, mientras esta historia permanece como un sombr\u00edo recordatorio de lo insondable y aterrador que puede ser el mundo.<\/p>\n\n\n\n<figure class=\"wp-block-embed aligncenter is-type-video is-provider-youtube wp-block-embed-youtube wp-embed-aspect-16-9 wp-has-aspect-ratio\"><div class=\"wp-block-embed__wrapper\">\n<iframe loading=\"lazy\" title=\"No solo los perros lamen\" width=\"960\" height=\"540\" src=\"https:\/\/www.youtube.com\/embed\/js_lbFx-h2I?feature=oembed\" frameborder=\"0\" allow=\"accelerometer; autoplay; clipboard-write; encrypted-media; gyroscope; picture-in-picture; web-share\" referrerpolicy=\"strict-origin-when-cross-origin\" allowfullscreen><\/iframe>\n<\/div><\/figure>\n","protected":false},"excerpt":{"rendered":"<p>En una peque\u00f1a ciudad de Francia, se desarroll\u00f3 un acontecimiento que dej\u00f3 una huella indeleble, resonando en los titulares de todos los peri\u00f3dicos locales. En este relato, conocemos a una ni\u00f1a de 9 a\u00f1os, cuya vida estaba rodeada de lujos y comodidades. A pesar de sus riquezas, experimentaba una soledad profunda, su mundo ensombrecido por la ausencia constante de sus padres, quienes se sumerg\u00edan en el mundo pol\u00edtico y social, dej\u00e1ndola atr\u00e1s. Sin embargo, un cambio radical se manifest\u00f3 con la llegada de un cachorro de raza grande, un compa\u00f1ero de cuatro patas que pronto se convirti\u00f3 en su m\u00e1s fiel confidente. Con el paso del tiempo, forjaron un v\u00ednculo que trascend\u00eda lo com\u00fan, un v\u00ednculo de complicidad y consuelo. Cada noche, el perro se refugiaba debajo de su cama, y cuando la angustia y el miedo se apoderaban de ella, la suave lengua del perro acariciaba su mano, un c\u00f3digo secreto que disipaba sus temores. La historia da un giro oscuro en una fat\u00eddica noche. Un estruendo repentino interrumpi\u00f3 el sue\u00f1o de la ni\u00f1a, un sonido de rasgu\u00f1os que escal\u00f3 de leves a intensos. Llena de temor, extendi\u00f3 la mano, anhelando el consuelo del perro. La lengua h\u00fameda toc\u00f3 su mano, trayendo alivio y calma. Con el tiempo, el sue\u00f1o la reclam\u00f3 nuevamente. La cruda realidad emergi\u00f3 al amanecer. El perro, su fiel compa\u00f1ero, no estaba en su lugar bajo la cama. La ni\u00f1a baj\u00f3 las escaleras y el horror la envolvi\u00f3. El pasillo del recibidor se convirti\u00f3 en un escenario de pesadilla. Su perro yac\u00eda ahorcado, su est\u00f3mago desgarrado por una herida atroz. En el espejo, una inscripci\u00f3n siniestra desafiaba su cordura: &#8220;No solo los perros lamen&#8221;. El regreso de los padres trajo consigo una desgarradora escena. La ni\u00f1a, sumida en la locura, repet\u00eda una pregunta escalofriante: &#8220;\u00bfQui\u00e9n me lami\u00f3?&#8221;. La b\u00fasqueda del autor de esta horrenda atrocidad persiste en la oscuridad, mientras esta historia permanece como un sombr\u00edo recordatorio de lo insondable y aterrador que puede ser el mundo.<\/p>\n","protected":false},"author":1,"featured_media":53,"comment_status":"open","ping_status":"open","sticky":false,"template":"","format":"standard","meta":{"footnotes":""},"categories":[1,6],"tags":[22,35,21,34,13],"class_list":["post-52","post","type-post","status-publish","format-standard","has-post-thumbnail","hentry","category-blog","category-relatos-de-terror","tag-dormir","tag-mascota","tag-noche","tag-perro","tag-relato"],"acf":[],"_links":{"self":[{"href":"https:\/\/casadeterror.com\/index.php?rest_route=\/wp\/v2\/posts\/52","targetHints":{"allow":["GET"]}}],"collection":[{"href":"https:\/\/casadeterror.com\/index.php?rest_route=\/wp\/v2\/posts"}],"about":[{"href":"https:\/\/casadeterror.com\/index.php?rest_route=\/wp\/v2\/types\/post"}],"author":[{"embeddable":true,"href":"https:\/\/casadeterror.com\/index.php?rest_route=\/wp\/v2\/users\/1"}],"replies":[{"embeddable":true,"href":"https:\/\/casadeterror.com\/index.php?rest_route=%2Fwp%2Fv2%2Fcomments&post=52"}],"version-history":[{"count":2,"href":"https:\/\/casadeterror.com\/index.php?rest_route=\/wp\/v2\/posts\/52\/revisions"}],"predecessor-version":[{"id":1024,"href":"https:\/\/casadeterror.com\/index.php?rest_route=\/wp\/v2\/posts\/52\/revisions\/1024"}],"wp:featuredmedia":[{"embeddable":true,"href":"https:\/\/casadeterror.com\/index.php?rest_route=\/wp\/v2\/media\/53"}],"wp:attachment":[{"href":"https:\/\/casadeterror.com\/index.php?rest_route=%2Fwp%2Fv2%2Fmedia&parent=52"}],"wp:term":[{"taxonomy":"category","embeddable":true,"href":"https:\/\/casadeterror.com\/index.php?rest_route=%2Fwp%2Fv2%2Fcategories&post=52"},{"taxonomy":"post_tag","embeddable":true,"href":"https:\/\/casadeterror.com\/index.php?rest_route=%2Fwp%2Fv2%2Ftags&post=52"}],"curies":[{"name":"wp","href":"https:\/\/api.w.org\/{rel}","templated":true}]}}