{"id":806,"date":"2023-12-14T09:00:00","date_gmt":"2023-12-14T09:00:00","guid":{"rendered":"https:\/\/casadeterror.com\/?p=806"},"modified":"2024-09-07T10:22:30","modified_gmt":"2024-09-07T15:22:30","slug":"sombras-del-pasado","status":"publish","type":"post","link":"https:\/\/casadeterror.com\/?p=806","title":{"rendered":"Sombras del pasado"},"content":{"rendered":"\n<p>Hace alg\u00fan tiempo, a un amigo m\u00edo que trabaja en una empresa de seguridad privada lo destinaron a cuidar un antiguo cementerio. La raz\u00f3n detr\u00e1s de esta asignaci\u00f3n era la reciente oleada de robos de placas de bronce en la parte m\u00e1s antigua del camposanto, que data del siglo diecinueve. A \u00e9l y sus colegas les proporcionaron cuatrimotos para recorrer el vasto terreno. <\/p>\n\n\n\n<p>En una de esas noches, en medio de la oscuridad sepulcral, algo inesperado sucedi\u00f3. De la nada, un ni\u00f1o de unos seis a\u00f1os apareci\u00f3 frente a \u00e9l. El veh\u00edculo se detuvo bruscamente y las luces se apagaron misteriosamente. Mi amigo, desconcertado, sac\u00f3 una linterna para iluminar la situaci\u00f3n, pero antes de que pudiera encenderla, el ni\u00f1o extendi\u00f3 la mano y apag\u00f3 la linterna con un gesto inexplicable. Luego, riendo, sali\u00f3 corriendo. Mi amigo, impulsado por la intriga, se embarc\u00f3 en una persecuci\u00f3n por los pasillos del cementerio, pero el ni\u00f1o desapareci\u00f3 sin dejar rastro. Sin previo aviso, una sombra imponente se alz\u00f3 detr\u00e1s de \u00e9l y lo golpe\u00f3 violentamente, arroj\u00e1ndolo al suelo. En medio del aturdimiento, escuch\u00f3 la desgarradora voz de un ni\u00f1o pidiendo clemencia. Fue en ese instante que perdi\u00f3 el conocimiento.<\/p>\n\n\n\n<p>Horas despu\u00e9s, uno de sus compa\u00f1eros de turno lo encontr\u00f3 inconsciente cerca del veh\u00edculo, entre las tumbas del antiguo cementerio. Al despertar, relat\u00f3 lo sucedido; sus compa\u00f1eros escucharon en silencio, con expresiones de asombro y escepticismo. Algunos sugirieron que pudo haber sido un episodio de estr\u00e9s o fatiga. Nosotros nos quedamos con la incertidumbre de lo que realmente hab\u00eda ocurrido en aquella oscura noche entre las tumbas.<\/p>\n\n\n\n<figure class=\"wp-block-embed aligncenter is-type-video is-provider-youtube wp-block-embed-youtube wp-embed-aspect-16-9 wp-has-aspect-ratio\"><div class=\"wp-block-embed__wrapper\">\n<iframe loading=\"lazy\" title=\"Sombras del Pasado\" width=\"960\" height=\"540\" src=\"https:\/\/www.youtube.com\/embed\/e5qiS3bZkuI?feature=oembed\" frameborder=\"0\" allow=\"accelerometer; autoplay; clipboard-write; encrypted-media; gyroscope; picture-in-picture; web-share\" referrerpolicy=\"strict-origin-when-cross-origin\" allowfullscreen><\/iframe>\n<\/div><\/figure>\n","protected":false},"excerpt":{"rendered":"<p>Hace alg\u00fan tiempo, a un amigo m\u00edo que trabaja en una empresa de seguridad privada lo destinaron a cuidar un antiguo cementerio. La raz\u00f3n detr\u00e1s de esta asignaci\u00f3n era la reciente oleada de robos de placas de bronce en la parte m\u00e1s antigua del camposanto, que data del siglo diecinueve. A \u00e9l y sus colegas les proporcionaron cuatrimotos para recorrer el vasto terreno. En una de esas noches, en medio de la oscuridad sepulcral, algo inesperado sucedi\u00f3. De la nada, un ni\u00f1o de unos seis a\u00f1os apareci\u00f3 frente a \u00e9l. El veh\u00edculo se detuvo bruscamente y las luces se apagaron misteriosamente. Mi amigo, desconcertado, sac\u00f3 una linterna para iluminar la situaci\u00f3n, pero antes de que pudiera encenderla, el ni\u00f1o extendi\u00f3 la mano y apag\u00f3 la linterna con un gesto inexplicable. Luego, riendo, sali\u00f3 corriendo. Mi amigo, impulsado por la intriga, se embarc\u00f3 en una persecuci\u00f3n por los pasillos del cementerio, pero el ni\u00f1o desapareci\u00f3 sin dejar rastro. Sin previo aviso, una sombra imponente se alz\u00f3 detr\u00e1s de \u00e9l y lo golpe\u00f3 violentamente, arroj\u00e1ndolo al suelo. En medio del aturdimiento, escuch\u00f3 la desgarradora voz de un ni\u00f1o pidiendo clemencia. Fue en ese instante que perdi\u00f3 el conocimiento. Horas despu\u00e9s, uno de sus compa\u00f1eros de turno lo encontr\u00f3 inconsciente cerca del veh\u00edculo, entre las tumbas del antiguo cementerio. Al despertar, relat\u00f3 lo sucedido; sus compa\u00f1eros escucharon en silencio, con expresiones de asombro y escepticismo. Algunos sugirieron que pudo haber sido un episodio de estr\u00e9s o fatiga. Nosotros nos quedamos con la incertidumbre de lo que realmente hab\u00eda ocurrido en aquella oscura noche entre las tumbas.<\/p>\n","protected":false},"author":1,"featured_media":807,"comment_status":"open","ping_status":"open","sticky":false,"template":"","format":"standard","meta":{"footnotes":""},"categories":[1,6],"tags":[13,249,206,248],"class_list":["post-806","post","type-post","status-publish","format-standard","has-post-thumbnail","hentry","category-blog","category-relatos-de-terror","tag-relato","tag-relato-de-terror","tag-sombras","tag-sombras-del-pasado"],"acf":[],"_links":{"self":[{"href":"https:\/\/casadeterror.com\/index.php?rest_route=\/wp\/v2\/posts\/806","targetHints":{"allow":["GET"]}}],"collection":[{"href":"https:\/\/casadeterror.com\/index.php?rest_route=\/wp\/v2\/posts"}],"about":[{"href":"https:\/\/casadeterror.com\/index.php?rest_route=\/wp\/v2\/types\/post"}],"author":[{"embeddable":true,"href":"https:\/\/casadeterror.com\/index.php?rest_route=\/wp\/v2\/users\/1"}],"replies":[{"embeddable":true,"href":"https:\/\/casadeterror.com\/index.php?rest_route=%2Fwp%2Fv2%2Fcomments&post=806"}],"version-history":[{"count":3,"href":"https:\/\/casadeterror.com\/index.php?rest_route=\/wp\/v2\/posts\/806\/revisions"}],"predecessor-version":[{"id":1141,"href":"https:\/\/casadeterror.com\/index.php?rest_route=\/wp\/v2\/posts\/806\/revisions\/1141"}],"wp:featuredmedia":[{"embeddable":true,"href":"https:\/\/casadeterror.com\/index.php?rest_route=\/wp\/v2\/media\/807"}],"wp:attachment":[{"href":"https:\/\/casadeterror.com\/index.php?rest_route=%2Fwp%2Fv2%2Fmedia&parent=806"}],"wp:term":[{"taxonomy":"category","embeddable":true,"href":"https:\/\/casadeterror.com\/index.php?rest_route=%2Fwp%2Fv2%2Fcategories&post=806"},{"taxonomy":"post_tag","embeddable":true,"href":"https:\/\/casadeterror.com\/index.php?rest_route=%2Fwp%2Fv2%2Ftags&post=806"}],"curies":[{"name":"wp","href":"https:\/\/api.w.org\/{rel}","templated":true}]}}