{"id":815,"date":"2023-12-19T09:00:00","date_gmt":"2023-12-19T09:00:00","guid":{"rendered":"https:\/\/casadeterror.com\/?p=815"},"modified":"2024-10-13T00:45:36","modified_gmt":"2024-10-13T05:45:36","slug":"la-posada-de-ettal","status":"publish","type":"post","link":"https:\/\/casadeterror.com\/?p=815","title":{"rendered":"La Posada de Ettal"},"content":{"rendered":"\n<p>Cuando ten\u00eda 15 a\u00f1os, viaj\u00e9 a Europa con mi familia. Nos alojamos en Ettal, Alemania, en una peque\u00f1a posada durante algunas noches. Mis padres ten\u00edan una cama doble en el segundo piso, mis hermanas ocupaban la habitaci\u00f3n doble al lado de la suya, y yo ten\u00eda la suerte de tener una habitaci\u00f3n individual para m\u00ed solo en el otro extremo del pasillo.<\/p>\n\n\n\n<p>Tan pronto como sub\u00ed al corredor donde estaban nuestros dormitorios, recuerdo sentir como si hubiera entrado en una especie de muralla con mala energ\u00eda. Me invadi\u00f3 una sensaci\u00f3n de nerviosismo e inquietud. Atribu\u00ed esas sensaciones a mi imaginaci\u00f3n hiperactiva y continu\u00e9 sin darles mayor importancia. Dorm\u00ed la primera noche sin problemas aparentes, excepto por despertarme varias veces. A la ma\u00f1ana siguiente, durante el desayuno, una de mis hermanas mencion\u00f3 que se hab\u00eda sentido realmente inc\u00f3moda en el pasillo, describiendo el aire como casi aplastante. Me desconcert\u00f3 darme cuenta de que no era el \u00fanico que experimentaba algo extra\u00f1o.<\/p>\n\n\n\n<p>M\u00e1s tarde esa noche, mientras dorm\u00eda tranquilamente, alrededor de las 2 de la madrugada, algo me despert\u00f3, arranc\u00f3 las mantas y me arroj\u00f3 de la cama, sujet\u00e1ndome por el tobillo. Al principio pens\u00e9 que alguien hab\u00eda entrado en mi habitaci\u00f3n, ya que al girarme hacia lo que me agarraba, pude vislumbrar una enorme figura oscura entre la oscuridad, como si un hombre estuviera en mi habitaci\u00f3n. Encend\u00ed fren\u00e9ticamente la luz, solo para descubrir que no hab\u00eda nada all\u00ed. La ventana estaba cerrada por dentro, no hab\u00eda nadie en el armario ni en el ba\u00f1o, y mi habitaci\u00f3n tambi\u00e9n estaba cerrada por dentro. Me qued\u00e9 despierto el resto de la noche, asustado, jugando a Cooking Mama en mi consola DS.<\/p>\n\n\n\n<p>A la ma\u00f1ana siguiente, durante el desayuno, mi hermana mencion\u00f3 que estuvo despierta la mitad de la noche, ya que pens\u00f3 haber visto a una persona recargada contra la pared de la habitaci\u00f3n, pero cuando encendi\u00f3 la luz, no hab\u00eda nadie all\u00ed. Fue una experiencia extra\u00f1a y espeluznante.<\/p>\n\n\n\n<p>Ese d\u00eda nos marchamos, as\u00ed que no pude experimentar nada m\u00e1s despu\u00e9s de eso, pero hasta el d\u00eda de hoy, me asusta pensar en ello.<\/p>\n\n\n\n<figure class=\"wp-block-embed aligncenter is-type-video is-provider-youtube wp-block-embed-youtube wp-embed-aspect-16-9 wp-has-aspect-ratio\"><div class=\"wp-block-embed__wrapper\">\n<iframe loading=\"lazy\" title=\"La posada de Ettal\" width=\"960\" height=\"540\" src=\"https:\/\/www.youtube.com\/embed\/y4wghFKhoMk?feature=oembed\" frameborder=\"0\" allow=\"accelerometer; autoplay; clipboard-write; encrypted-media; gyroscope; picture-in-picture; web-share\" referrerpolicy=\"strict-origin-when-cross-origin\" allowfullscreen><\/iframe>\n<\/div><\/figure>\n","protected":false},"excerpt":{"rendered":"<p>Cuando ten\u00eda 15 a\u00f1os, viaj\u00e9 a Europa con mi familia. Nos alojamos en Ettal, Alemania, en una peque\u00f1a posada durante algunas noches. Mis padres ten\u00edan una cama doble en el segundo piso, mis hermanas ocupaban la habitaci\u00f3n doble al lado de la suya, y yo ten\u00eda la suerte de tener una habitaci\u00f3n individual para m\u00ed solo en el otro extremo del pasillo. Tan pronto como sub\u00ed al corredor donde estaban nuestros dormitorios, recuerdo sentir como si hubiera entrado en una especie de muralla con mala energ\u00eda. Me invadi\u00f3 una sensaci\u00f3n de nerviosismo e inquietud. Atribu\u00ed esas sensaciones a mi imaginaci\u00f3n hiperactiva y continu\u00e9 sin darles mayor importancia. Dorm\u00ed la primera noche sin problemas aparentes, excepto por despertarme varias veces. A la ma\u00f1ana siguiente, durante el desayuno, una de mis hermanas mencion\u00f3 que se hab\u00eda sentido realmente inc\u00f3moda en el pasillo, describiendo el aire como casi aplastante. Me desconcert\u00f3 darme cuenta de que no era el \u00fanico que experimentaba algo extra\u00f1o. M\u00e1s tarde esa noche, mientras dorm\u00eda tranquilamente, alrededor de las 2 de la madrugada, algo me despert\u00f3, arranc\u00f3 las mantas y me arroj\u00f3 de la cama, sujet\u00e1ndome por el tobillo. Al principio pens\u00e9 que alguien hab\u00eda entrado en mi habitaci\u00f3n, ya que al girarme hacia lo que me agarraba, pude vislumbrar una enorme figura oscura entre la oscuridad, como si un hombre estuviera en mi habitaci\u00f3n. Encend\u00ed fren\u00e9ticamente la luz, solo para descubrir que no hab\u00eda nada all\u00ed. La ventana estaba cerrada por dentro, no hab\u00eda nadie en el armario ni en el ba\u00f1o, y mi habitaci\u00f3n tambi\u00e9n estaba cerrada por dentro. Me qued\u00e9 despierto el resto de la noche, asustado, jugando a Cooking Mama en mi consola DS. A la ma\u00f1ana siguiente, durante el desayuno, mi hermana mencion\u00f3 que estuvo despierta la mitad de la noche, ya que pens\u00f3 haber visto a una persona recargada contra la pared de la habitaci\u00f3n, pero cuando encendi\u00f3 la luz, no hab\u00eda nadie all\u00ed. Fue una experiencia extra\u00f1a y espeluznante. Ese d\u00eda nos marchamos, as\u00ed que no pude experimentar nada m\u00e1s despu\u00e9s de eso, pero hasta el d\u00eda de hoy, me asusta pensar en ello.<\/p>\n","protected":false},"author":1,"featured_media":816,"comment_status":"open","ping_status":"open","sticky":false,"template":"","format":"standard","meta":{"footnotes":""},"categories":[1,6],"tags":[261,259,260,13,207,256,257],"class_list":["post-815","post","type-post","status-publish","format-standard","has-post-thumbnail","hentry","category-blog","category-relatos-de-terror","tag-alemania","tag-ettal","tag-posada-de-ettal","tag-relato","tag-relatos-de-terror","tag-relatos-reales","tag-relatos-reales-de-terror"],"acf":[],"_links":{"self":[{"href":"https:\/\/casadeterror.com\/index.php?rest_route=\/wp\/v2\/posts\/815","targetHints":{"allow":["GET"]}}],"collection":[{"href":"https:\/\/casadeterror.com\/index.php?rest_route=\/wp\/v2\/posts"}],"about":[{"href":"https:\/\/casadeterror.com\/index.php?rest_route=\/wp\/v2\/types\/post"}],"author":[{"embeddable":true,"href":"https:\/\/casadeterror.com\/index.php?rest_route=\/wp\/v2\/users\/1"}],"replies":[{"embeddable":true,"href":"https:\/\/casadeterror.com\/index.php?rest_route=%2Fwp%2Fv2%2Fcomments&post=815"}],"version-history":[{"count":2,"href":"https:\/\/casadeterror.com\/index.php?rest_route=\/wp\/v2\/posts\/815\/revisions"}],"predecessor-version":[{"id":1159,"href":"https:\/\/casadeterror.com\/index.php?rest_route=\/wp\/v2\/posts\/815\/revisions\/1159"}],"wp:featuredmedia":[{"embeddable":true,"href":"https:\/\/casadeterror.com\/index.php?rest_route=\/wp\/v2\/media\/816"}],"wp:attachment":[{"href":"https:\/\/casadeterror.com\/index.php?rest_route=%2Fwp%2Fv2%2Fmedia&parent=815"}],"wp:term":[{"taxonomy":"category","embeddable":true,"href":"https:\/\/casadeterror.com\/index.php?rest_route=%2Fwp%2Fv2%2Fcategories&post=815"},{"taxonomy":"post_tag","embeddable":true,"href":"https:\/\/casadeterror.com\/index.php?rest_route=%2Fwp%2Fv2%2Ftags&post=815"}],"curies":[{"name":"wp","href":"https:\/\/api.w.org\/{rel}","templated":true}]}}